{"id":2594,"date":"2017-02-03T10:05:21","date_gmt":"2017-02-03T09:05:21","guid":{"rendered":"https:\/\/sw6.hoseonline.de\/blog\/?p=2594"},"modified":"2018-10-04T14:23:49","modified_gmt":"2018-10-04T12:23:49","slug":"wellensteyn-herrenjacke-falkland","status":"publish","type":"post","link":"https:\/\/www.hoseonline.de\/blog\/wellensteyn-herrenjacke-falkland\/","title":{"rendered":"Das Rundum-sorglos-Paket: Die Wellensteyn Herrenjacke Falkland"},"content":{"rendered":"<p><a href=\"https:\/\/modemagazin.hoseonline.de\/wp-content\/uploads\/2017\/06\/wellensteyn-jacke-falkland-graphite-vorne.jpg\"><img loading=\"lazy\" decoding=\"async\" class=\"aligncenter wp-image-2595 \" title=\"Wellensteyn Herrenjacke Falkland auf HoseOnline bestellen\" src=\"https:\/\/modemagazin.hoseonline.de\/wp-content\/uploads\/2017\/06\/wellensteyn-jacke-falkland-graphite-vorne.jpg\" alt=\"Wellensteyn Herrenjacke Falkland auf HoseOnline bestellen\" width=\"586\" height=\"586\" srcset=\"https:\/\/www.hoseonline.de\/blog\/wp-content\/uploads\/2017\/06\/wellensteyn-jacke-falkland-graphite-vorne.jpg 1280w, https:\/\/www.hoseonline.de\/blog\/wp-content\/uploads\/2017\/06\/wellensteyn-jacke-falkland-graphite-vorne-150x150.jpg 150w, https:\/\/www.hoseonline.de\/blog\/wp-content\/uploads\/2017\/06\/wellensteyn-jacke-falkland-graphite-vorne-300x300.jpg 300w, https:\/\/www.hoseonline.de\/blog\/wp-content\/uploads\/2017\/06\/wellensteyn-jacke-falkland-graphite-vorne-768x768.jpg 768w, https:\/\/www.hoseonline.de\/blog\/wp-content\/uploads\/2017\/06\/wellensteyn-jacke-falkland-graphite-vorne-1024x1024.jpg 1024w, https:\/\/www.hoseonline.de\/blog\/wp-content\/uploads\/2017\/06\/wellensteyn-jacke-falkland-graphite-vorne-1080x1080.jpg 1080w, https:\/\/www.hoseonline.de\/blog\/wp-content\/uploads\/2017\/06\/wellensteyn-jacke-falkland-graphite-vorne-250x250.jpg 250w\" sizes=\"auto, (max-width: 586px) 100vw, 586px\" \/><\/a><\/p>\n<p>Wie oft habt ihr schon eine billige Winterjacke gekauft, die ihr nach einer Saison gefrustet wieder aussortiert habt? Investiert lieber einmal in ein Modell, von dem ihr sehr viele Jahre etwas haben werdet \u2013 das euch im Winter weder frieren noch schwitzen l\u00e4sst, euch trocken h\u00e4lt und mit dem ihr die kalte Jahreszeit endlich genie\u00dfen k\u00f6nnt. Mit anderen Worten: Legt euch eine der <a title=\"Wellensteyn Jacken\" href=\"https:\/\/www.hoseonline.de\/hersteller\/wellensteyn\">Wellensteyn Jacken<\/a> zu! Das Non-Plus-Ultra-Modell, das keinen Wunsch unerf\u00fcllt l\u00e4sst, ist die <strong>Wellensteyn Falkland<\/strong>. Glaubt ihr nicht? Dann werft mal einen Blick auf die Top-Ausstattung!<!--more--><\/p>\n<p>Die Jacke ist, wie viele anderen Wellensteyn Jacken auch, <strong>wind- und wasserdicht und gleichzeitig atmungsaktiv<\/strong>. Ein Spaziergang an der rauen See macht euch mit der Falkland also rein gar nichts mehr aus. Gleichzeitig ist das Modell so designt, dass Feuchtigkeit abgeleitet wird. Zus\u00e4tzlich hat es <strong>verschwei\u00dfte N\u00e4hte<\/strong>! Die Winterjacke besteht aus HaHeMeAirTec, einem Multifunktionsmaterial aus 100% Polyester. Dadurch ist sie nicht nur wetterbest\u00e4ndig, sondern knittert auch kaum. Schmutz bleibt an diesem Stoff nur schwer haften. Sollte die Jacke trotzdem mal eine Reinigung ben\u00f6tigen, k\u00f6nnt ihr sie einfach bei 30 Grad in die Waschmaschine stecken. Eine Extrabehandlung braucht sie nicht! Das Obermaterial hat einen matten Glanz, deswegen wirkt die Wellensteyn Falkland trotz der dicken Wattierung elegant und hochwertig.<\/p>\n<p>Diesen Effekt verst\u00e4rkt das schwarze, zeitlose Graphitgrau. Damit es im Winter mit so einem dunklen Ton nicht zu trist wird, setzen die <a title=\"Wellensteyn Jacken f\u00fcr Herren\" href=\"https:\/\/www.hoseonline.de\/herren\/jacken\/wellensteyn\">Wellensteyn Jacken f\u00fcr Herren<\/a> mit <strong>Gelb<\/strong> Akzente: Und zwar nicht nur innen im Futter, sondern auch au\u00dfen! Vor allem an den vielen Taschen findet ihr die Farbe st\u00e4ndig wieder. Zum Beispiel hat die Falkland am linken Arm eine extra <strong>Handytasche<\/strong> inklusive Stiftehalter. Der Anh\u00e4nger am Rei\u00dfverschluss dazu setzt sich mit Gelb vom Dunkelgrau ab. Auch der Zipperpuller am Zwei-Wege-Rei\u00dfverschluss, der die Jacke verschlie\u00dft und von einer Knopfblende verdeckt wird, tr\u00e4gt die auff\u00e4llige Farbe. Zus\u00e4tzlich zu der Handytasche hat die Wellensteyn Falkland auf der Vorderseite ganze <strong>acht Pockets<\/strong>! Zwei St\u00fcck habt ihr auf der Brust, eine davon ist per Knopf, eine mit Zipper verschlie\u00dfbar. Die beiden mittleren Taschen sind ebenfalls mit Rei\u00dfverschluss ausgestattet, die untersten haben einen Eingriff von oben und der Seite. Ausgelegt sind diese Pockets \u00fcbrigens mit kuscheligem Teddyfell \u2013 genau das Richtige f\u00fcr kalte H\u00e4nde! Selbst am R\u00fccken hat die Markenjacke eine Tasche, auf der Innenseite gleich zwei! Sehr praktisch also f\u00fcr die M\u00e4nner, wenn nach Smartphone, Geldbeutel und Taschent\u00fccher auch noch Platz f\u00fcr M\u00fctze oder Handschuhe ist.<\/p>\n<p><a href=\"https:\/\/www.hoseonline.de\/hersteller\/wellensteyn?blog=1\"><img loading=\"lazy\" decoding=\"async\" class=\"aligncenter wp-image-3917 size-full\" title=\"Wellensteyn Jacken online bestellen\" src=\"https:\/\/modemagazin.hoseonline.de\/wp-content\/uploads\/2018\/01\/wellensteyn-jacken.jpg\" alt=\"Wellensteyn Jacken online bestellen\" width=\"1000\" height=\"213\" srcset=\"https:\/\/www.hoseonline.de\/blog\/wp-content\/uploads\/2018\/01\/wellensteyn-jacken.jpg 1000w, https:\/\/www.hoseonline.de\/blog\/wp-content\/uploads\/2018\/01\/wellensteyn-jacken-300x64.jpg 300w, https:\/\/www.hoseonline.de\/blog\/wp-content\/uploads\/2018\/01\/wellensteyn-jacken-768x164.jpg 768w\" sizes=\"auto, (max-width: 1000px) 100vw, 1000px\" \/><\/a><\/p>\n<p>Ein Schal ist bei der Wellensteyn Falkland \u00fcbrigens \u00fcberfl\u00fcssig: Die l\u00e4nger geschnittene Jacke hat einen <strong>abkn\u00f6pfbaren Fellrand<\/strong>, der euren Hals w\u00e4rmt. Fell findet ihr auch an der Kapuze \u2013 Das abnehmbare und gr\u00f6\u00dfenverstellbare Modell ist mit solch einem Besatz ausgestattet. Apropos gr\u00f6\u00dfenverstellbar: In der Winterjacke habt ihr Riegel, mit denen ihr die Taillenweite individuell auf eure Figur einstellen k\u00f6nnt. Der \u00c4rmelabschluss ist dank eines Druckknopfs ebenfalls verstellbar. Damit ihr auch den Handgelenken und Armen nicht mehr frieren k\u00f6nnt, gibt es an den \u00c4rmeln noch warme Rippb\u00fcndchen.<\/p>\n<p>Zugegeben: Die Wellensteyn Falkland geh\u00f6rt bei der deutschen Marke zu den Winterjacken im oberen Preissegment. Aber bei dieser Ausstattung, die alles vereint, was sich Herren bei einer Winterjacke nur vorstellen k\u00f6nnen, ist der Preis nachvollziehbar. Die Investition lohnt sich richtig, wenn ihr euch die Falkland nicht nur f\u00fcr den hiesigen Winter w\u00fcnscht. Ein <strong>Trip nach Lappland oder Outdoor-Urlaube im Schnee<\/strong> eignen sich perfekt, um alle Funktionen der Winterjacke auszutesten. Ihr werdet sehen: Die Marke verspricht nicht zu viel! Und denkt daran: Farben wie Graphitgrau, Schwarz oder Dunkelblau liegen bei der Mode f\u00fcr Herren immer im Trend \u2013 Die Wellensteyn Falkland kann also wirklich ein langj\u00e4hriger Freund werden.<\/p>\n","protected":false},"excerpt":{"rendered":"<p>Wie oft habt ihr schon eine billige Winterjacke gekauft, die ihr nach einer Saison gefrustet wieder aussortiert habt? Investiert lieber einmal in ein Modell, von dem ihr sehr viele Jahre etwas haben werdet \u2013 das euch im Winter weder frieren noch schwitzen l\u00e4sst, euch trocken h\u00e4lt und mit dem ihr die kalte Jahreszeit endlich genie\u00dfen k\u00f6nnt. Mit anderen Worten: Legt euch eine der Wellensteyn Jacken zu! Das Non-Plus-Ultra-Modell, das keinen Wunsch unerf\u00fcllt l\u00e4sst, ist die Wellensteyn Falkland. Glaubt ihr nicht? Dann werft mal einen Blick auf die Top-Ausstattung!<\/p>\n","protected":false},"author":7,"featured_media":2595,"comment_status":"open","ping_status":"open","sticky":false,"template":"","format":"standard","meta":{"footnotes":""},"categories":[4],"tags":[967,970,968,969],"class_list":["post-2594","post","type-post","status-publish","format-standard","has-post-thumbnail","hentry","category-wellensteyn","tag-wellensteyn-falkland","tag-wellensteyn-funktionsjacke","tag-wellensteyn-herrenjacke","tag-wellensteyn-winterjacke"],"aioseo_notices":[],"_links":{"self":[{"href":"https:\/\/www.hoseonline.de\/blog\/wp-json\/wp\/v2\/posts\/2594","targetHints":{"allow":["GET"]}}],"collection":[{"href":"https:\/\/www.hoseonline.de\/blog\/wp-json\/wp\/v2\/posts"}],"about":[{"href":"https:\/\/www.hoseonline.de\/blog\/wp-json\/wp\/v2\/types\/post"}],"author":[{"embeddable":true,"href":"https:\/\/www.hoseonline.de\/blog\/wp-json\/wp\/v2\/users\/7"}],"replies":[{"embeddable":true,"href":"https:\/\/www.hoseonline.de\/blog\/wp-json\/wp\/v2\/comments?post=2594"}],"version-history":[{"count":8,"href":"https:\/\/www.hoseonline.de\/blog\/wp-json\/wp\/v2\/posts\/2594\/revisions"}],"predecessor-version":[{"id":3951,"href":"https:\/\/www.hoseonline.de\/blog\/wp-json\/wp\/v2\/posts\/2594\/revisions\/3951"}],"wp:featuredmedia":[{"embeddable":true,"href":"https:\/\/www.hoseonline.de\/blog\/wp-json\/wp\/v2\/media\/2595"}],"wp:attachment":[{"href":"https:\/\/www.hoseonline.de\/blog\/wp-json\/wp\/v2\/media?parent=2594"}],"wp:term":[{"taxonomy":"category","embeddable":true,"href":"https:\/\/www.hoseonline.de\/blog\/wp-json\/wp\/v2\/categories?post=2594"},{"taxonomy":"post_tag","embeddable":true,"href":"https:\/\/www.hoseonline.de\/blog\/wp-json\/wp\/v2\/tags?post=2594"}],"curies":[{"name":"wp","href":"https:\/\/api.w.org\/{rel}","templated":true}]}}