{"id":6357,"date":"2020-08-19T10:00:48","date_gmt":"2020-08-19T08:00:48","guid":{"rendered":"https:\/\/sw6.hoseonline.de\/blog\/?p=6357"},"modified":"2020-08-13T15:38:55","modified_gmt":"2020-08-13T13:38:55","slug":"wellensteyn-tivana","status":"publish","type":"post","link":"https:\/\/www.hoseonline.de\/blog\/wellensteyn-tivana\/","title":{"rendered":"Sportliche Winterjacke: die Wellensteyn Tivana"},"content":{"rendered":"<div id=\"attachment_6480\" style=\"width: 462px\" class=\"wp-caption aligncenter\"><a href=\"https:\/\/modemagazin.hoseonline.de\/wp-content\/uploads\/2020\/08\/wellensteyn-tivana-damen-jacke.jpg\"><img loading=\"lazy\" decoding=\"async\" aria-describedby=\"caption-attachment-6480\" class=\"wp-image-6480 \" title=\"Wellensteyn Tivana Damen Jacke\" src=\"https:\/\/modemagazin.hoseonline.de\/wp-content\/uploads\/2020\/08\/wellensteyn-tivana-damen-jacke-819x1024.jpg\" alt=\"Wellensteyn Tivana Damen Jacke\" width=\"452\" height=\"565\" srcset=\"https:\/\/www.hoseonline.de\/blog\/wp-content\/uploads\/2020\/08\/wellensteyn-tivana-damen-jacke-819x1024.jpg 819w, https:\/\/www.hoseonline.de\/blog\/wp-content\/uploads\/2020\/08\/wellensteyn-tivana-damen-jacke-240x300.jpg 240w, https:\/\/www.hoseonline.de\/blog\/wp-content\/uploads\/2020\/08\/wellensteyn-tivana-damen-jacke-768x960.jpg 768w, https:\/\/www.hoseonline.de\/blog\/wp-content\/uploads\/2020\/08\/wellensteyn-tivana-damen-jacke-1080x1350.jpg 1080w, https:\/\/www.hoseonline.de\/blog\/wp-content\/uploads\/2020\/08\/wellensteyn-tivana-damen-jacke.jpg 1120w\" sizes=\"auto, (max-width: 452px) 100vw, 452px\" \/><\/a><p id=\"caption-attachment-6480\" class=\"wp-caption-text\">Wellensteyn Tivana Damen Jacke<\/p><\/div>\n<h2 style=\"text-align: center;\"><span class=\"ez-toc-section\" id=\"Haeufige_Fragen_zur_Tivana\"><\/span><a href=\"#ankerumfrage\">H\u00e4ufige Fragen zur Tivana<\/a><span class=\"ez-toc-section-end\"><\/span><\/h2>\n<p><span class=\"dropcap\">G<\/span>eh\u00f6rt ihr zu dem Typ Frau, der sich drau\u00dfen an kalten Tagen am liebsten in eine bodenlange, flauschige Kuscheldecke h\u00fcllen w\u00fcrde? Dann ist die <a title=\"Wellensteyn Tivana\" href=\"https:\/\/www.hoseonline.de\/damen\/jacke-blazer\/wellensteyn\/tivana\">Wellensteyn Tivana<\/a> nix f\u00fcr euch! Diese Jacke ist etwas k\u00fcrzer geschnitten und endet auf der H\u00fcfte. Die ideale Winterjacke f\u00fcr Frauen, <strong>die sich in langen Modellen eingeengt f\u00fchlen<\/strong>!<!--more--><\/p>\n<h2><span class=\"ez-toc-section\" id=\"Funktionsjacke_mit_dynamisch-sportivem_Charakter\"><\/span>Funktionsjacke mit dynamisch-sportivem Charakter<span class=\"ez-toc-section-end\"><\/span><\/h2>\n<div style=\"max-width: 300px; float: right; margin-left: 20px; margin-bottom: 20px;\">\n<div style=\"width: 640px;\" class=\"wp-video\"><video class=\"wp-video-shortcode\" id=\"video-6357-1\" width=\"640\" height=\"360\" preload=\"metadata\" controls=\"controls\"><source type=\"video\/mp4\" src=\"https:\/\/modemagazin.hoseonline.de\/wp-content\/uploads\/2020\/08\/tivana-black-mobile.mp4?_=1\" \/><a href=\"https:\/\/modemagazin.hoseonline.de\/wp-content\/uploads\/2020\/08\/tivana-black-mobile.mp4\">https:\/\/modemagazin.hoseonline.de\/wp-content\/uploads\/2020\/08\/tivana-black-mobile.mp4<\/a><\/video><\/div>\n<\/div>\n<h3><span class=\"ez-toc-section\" id=\"Hueftlanger_Schnitt\"><\/span>H\u00fcftlanger Schnitt<span class=\"ez-toc-section-end\"><\/span><\/h3>\n<p>Wenn man die <a title=\"Wellensteyn Damenjacke\" href=\"https:\/\/www.hoseonline.de\/damen\/jacke-blazer\/wellensteyn\">Wellensteyn Damenjacke<\/a> mit einem Wort beschreiben m\u00fcsste, w\u00e4re es eindeutig sportlich. Zu diesem Eindruck tragen mehrere Elemente bei und der verk\u00fcrzte Schnitt ist definitiv eines davon. Der Jackensaum ist gerundet, das hei\u00dft, er f\u00e4llt <strong>vorne und hinten l\u00e4nger, an den Seiten dagegen k\u00fcrzer<\/strong> aus. Damit wirkt ihr sehr dynamisch, weil euch solch ein Design viele Bewegungsm\u00f6glichkeiten gibt.<\/p>\n<h3><span class=\"ez-toc-section\" id=\"Strickbuendchen_mit_Daumenloch\"><\/span>Strickb\u00fcndchen mit Daumenloch<span class=\"ez-toc-section-end\"><\/span><\/h3>\n<p>Entweder vergessen wir sie zu Hause oder sie fallen uns irgendwann aus der Tasche: die <strong>Handschuhe<\/strong>. Bei der Tivana braucht ihr in vielen F\u00e4llen gar keine, denn sie hat extra lange Rippb\u00fcndchen mit Daumenloch. Damit k\u00f6nnt ihr den Stoff \u00fcber eure gesamte Handfl\u00e4che ziehen und die Finger herausschauen lassen. Benutzt werden muss dieses Daumenloch aber nicht, ihr k\u00f6nnt das Rippb\u00fcndchen auch ganz normal am Handgelenk tragen.<\/p>\n<h3><span class=\"ez-toc-section\" id=\"2-in-1-Optik\"><\/span>2-in-1-Optik<span class=\"ez-toc-section-end\"><\/span><\/h3>\n<p>Pr\u00e4gnant f\u00fcr diese <a title=\"Wellensteyn Damen Winterjacke\" href=\"https:\/\/www.hoseonline.de\/damen\/jacke-blazer\/wellensteyn\/winterjacken\">Wellensteyn Damen Winterjacke<\/a> ist die Andeutung einer zweiten Jacke unter der oberen. Im Prinzip k\u00f6nnt ihr den Zwei-Wege-Rei\u00dfverschluss offen lassen und trotzdem ist Tivana noch geschlossen. Denn das Modell besitzt ein <strong>Inlet<\/strong>, das mit Druckkn\u00f6pfen entlang des Rei\u00dfverschlusses und des Kragens befestigt ist. Entfernt ihr die &#8222;zweite Jacke&#8220;, verschwindet der Rei\u00dfverschluss des Inlets samt <strong>gr\u00f6\u00dfenverstellbarer Kapuze<\/strong>. Solch ein 2-in-1-Look sorgt immer f\u00fcr ein junges, sportives \u00c4u\u00dferes!<\/p>\n<h2><span class=\"ez-toc-section\" id=\"Weibliche_Details_bei_der_Tivana\"><\/span>Weibliche Details bei der Tivana<span class=\"ez-toc-section-end\"><\/span><\/h2>\n<h3><span class=\"ez-toc-section\" id=\"Taillenguertel\"><\/span>Tailleng\u00fcrtel<span class=\"ez-toc-section-end\"><\/span><\/h3>\n<p>Ihr braucht keine Angst zu haben, dass ihr mit der Funktionsjacke burschikos wirkt \u2013 im Gegenteil, die Tivana ist trotz des sportlichen Charakters sehr feminin. Daf\u00fcr ist zum einen der abnehmbare Tailleng\u00fcrtel verantwortlich. Er betont eure Taille und lenkt damit den Blick auf eine feminine K\u00f6rperpartie. Gleichzeitig verhindert der G\u00fcrtel, dass die<strong> gesteppte Winterjacke<\/strong> einen Marshmallow-Effekt entwickelt.<\/p>\n<h3><span class=\"ez-toc-section\" id=\"Kunstfell\"><\/span>Kunstfell<span class=\"ez-toc-section-end\"><\/span><\/h3>\n<p>Zum anderen f\u00e4llt an der Wellensteyn Tivana der Kunstfellbesatz an der Kopfbedeckung auf. Auch wenn <strong>Fake Fur<\/strong> mittlerweile nicht nur den Damen vorbehalten ist, gibt er in diesem Fall dank des auff\u00e4lligen Volumens eine gro\u00dfe Portion Weiblichkeit mit auf den Weg.<\/p>\n<h2><span class=\"ez-toc-section\" id=\"Tivana_die_funktionalen_Elemente\"><\/span>Tivana: die funktionalen Elemente<span class=\"ez-toc-section-end\"><\/span><\/h2>\n<h3><span class=\"ez-toc-section\" id=\"Winddicht_wasserabweisend_atmungsaktiv\"><\/span>Winddicht, wasserabweisend &amp; atmungsaktiv<span class=\"ez-toc-section-end\"><\/span><\/h3>\n<p>Wenn die neue Winterjacke nicht nur bombastisch aussieht, sondern auch\u00a0 funktional etwas drauf hat, sind die Frauen wunschlos gl\u00fccklich. Die Wellensteyn Jacke ist wasserabweisend, winddicht und atmungsaktiv. Was das bedeutet? Bei Schnee und Regen werdet ihr in der Jacke nicht nass, Wind l\u00e4sst sie nicht durch den Stoff zu euch hinein, Feuchtigkeit dagegen aber raus. So entsteht ein <strong>angenehmes Klima<\/strong> in der Jacke.<\/p>\n<h3><span class=\"ez-toc-section\" id=\"Sechs_Taschen\"><\/span>Sechs Taschen<span class=\"ez-toc-section-end\"><\/span><\/h3>\n<p>Auf den ersten Blick werdet ihr wom\u00f6glich gar keine Au\u00dfentasche bei der Tivana entdecken. Auf den zweiten Blick fallen euch bestimmt die beiden Brusttaschen mit dem diagonalen Rei\u00dfverschluss auf. Aber wo sind die H\u00fcfttaschen? Der Eingriff verbirgt sich unter einer <strong>bogenf\u00f6rmigen Blende<\/strong>, die die Taschen im Prinzip erst sichtbar machen, sobald eure H\u00e4nde darin stecken. Zus\u00e4tzlich gibt es <strong>zwei Innentaschen<\/strong>.<\/p>\n<h2><span class=\"ez-toc-section\" id=\"Diesem_Typ_steht_Tivana\"><\/span>Diesem Typ steht Tivana<span class=\"ez-toc-section-end\"><\/span><\/h2>\n<h3><span class=\"ez-toc-section\" id=\"Schlanken_Damen\"><\/span>Schlanken Damen<span class=\"ez-toc-section-end\"><\/span><\/h3>\n<p>Der kurze Schnitt sowie der G\u00fcrtel <strong>lenken den Blick auf Taille und H\u00fcfte<\/strong>. Wenn dort eure Problemzonen liegen, schmeichelt euch Tivana leider wenig. Kauft in diesem Fall lieber eine l\u00e4ngere Winterjacke wie die <a title=\"Wellensteyn Schneezauber\" href=\"https:\/\/www.hoseonline.de\/damen\/jacke-blazer\/wellensteyn\/schneezauber\">Wellensteyn Schneezauber<\/a>. Schlanke Frauen k\u00f6nnen mit Tivana dagegen nichts verkehrt machen \u2013 es sei denn, sie haben sehr lange Beine, denn der kurze Schnitt w\u00fcrde eure Beine noch mehr strecken. M\u00fcsst ihr immer nach extra kurzen <a title=\"Damenjeans\" href=\"https:\/\/www.hoseonline.de\/damen\/jeans-hosen\">Damenjeans<\/a> suchen, ist Tivana der Jackpot f\u00fcr euch.<\/p>\n<h3 id=\"ankerumfrage\"><span class=\"ez-toc-section\" id=\"Aktive_Frauen\"><\/span>Aktive Frauen<span class=\"ez-toc-section-end\"><\/span><\/h3>\n<p>Ihr seid im Winter gerne auf der Skipiste unterwegs? Nehmt eure Tivana mit, denn die Funktionsjacke macht beim Skifahren oder Snowboarden eine prima Figur. Lange Jacken st\u00f6ren bei solchen Aktivit\u00e4ten, dieses Modell bringt dagegen alle Eigenschaften mit, die ihr bei Outdoor Sport im Winter ben\u00f6tigt.<\/p>\n<h2><span class=\"ez-toc-section\" id=\"Haeufige_Fragen\"><\/span>H\u00e4ufige Fragen<span class=\"ez-toc-section-end\"><\/span><\/h2>\n        <section class=\"sc_fs_faq sc_card \">\n            <div>\n\t\t\t\t<h2><span class=\"ez-toc-section\" id=\"Muss_ich_das_Daumenloch_im_Buendchen_benutzen\"><\/span>Muss ich das Daumenloch im B\u00fcndchen benutzen?<span class=\"ez-toc-section-end\"><\/span><\/h2>                <div>\n\t\t\t\t\t                    <p>\n\t\t\t\t\t\tNein, die Nutzung ist bei der Tivana optional. Wer keine Lust hat, jedes Mal das B\u00fcndchen \u00fcber die Handfl\u00e4che zu ziehen, kann es wie einen normalen Saum ungedehnt am Handgelenk tragen.                    <\/p>\n                <\/div>\n            <\/div>\n        <\/section>\n\t\t        <section class=\"sc_fs_faq sc_card \">\n            <div>\n\t\t\t\t<h2><span class=\"ez-toc-section\" id=\"Ist_der_Guertel_abnehmbar\"><\/span>Ist der G\u00fcrtel abnehmbar?<span class=\"ez-toc-section-end\"><\/span><\/h2>                <div>\n\t\t\t\t\t                    <p>\n\t\t\t\t\t\tJa, der G\u00fcrtel verl\u00e4uft durch Schlaufen und kann, z.B. um die Jacke zu waschen, entfernt werden.                    <\/p>\n                <\/div>\n            <\/div>\n        <\/section>\n\t\t        <section class=\"sc_fs_faq sc_card \">\n            <div>\n\t\t\t\t<h2><span class=\"ez-toc-section\" id=\"In_welchen_Farben_gibt_es_die_Tivana\"><\/span>In welchen Farben gibt es die Tivana?<span class=\"ez-toc-section-end\"><\/span><\/h2>                <div>\n\t\t\t\t\t                    <p>\n\t\t\t\t\t\tAlle Farben findet ihr unter HoseOnline.de, unserem Onlineshop mit gro\u00dfem Wellensteyn-Lager!                    <\/p>\n                <\/div>\n            <\/div>\n        <\/section>\n\t\t        <section class=\"sc_fs_faq sc_card \">\n            <div>\n\t\t\t\t<h2><span class=\"ez-toc-section\" id=\"Welche_Vorteile_hat_das_Inlet\"><\/span>Welche Vorteile hat das Inlet?<span class=\"ez-toc-section-end\"><\/span><\/h2>                <div>\n\t\t\t\t\t                    <p>\n\t\t\t\t\t\tEs erzeugt einen sportlichen Look und erweckt den Eindruck einer Jacke unter der Jacke. Praktisch ist, dass ihr an w\u00e4rmeren Wintertagen das Inlet samt Kapuze entfernen k\u00f6nnt, damit ihr nicht ins Schwitzen geratet.                    <\/p>\n                <\/div>\n            <\/div>\n        <\/section>\n\t\t\n<script type=\"application\/ld+json\">\n    {\n\t\t\"@context\": \"https:\/\/schema.org\",\n\t\t\"@type\": \"FAQPage\",\n\t\t\"mainEntity\": [\n\t\t\t\t{\n\t\t\t\t\"@type\": \"Question\",\n\t\t\t\t\"name\": \"Muss ich das Daumenloch im B\u00fcndchen benutzen?\",\n\t\t\t\t\"acceptedAnswer\": {\n\t\t\t\t\t\"@type\": \"Answer\",\n\t\t\t\t\t\"text\": \"Nein, die Nutzung ist bei der Tivana optional. Wer keine Lust hat, jedes Mal das B\u00fcndchen \u00fcber die Handfl\u00e4che zu ziehen, kann es wie einen normalen Saum ungedehnt am Handgelenk tragen.\"\n\t\t\t\t\t\t\t\t\t}\n\t\t\t}\n\t\t\t,\t\t\t\t{\n\t\t\t\t\"@type\": \"Question\",\n\t\t\t\t\"name\": \"Ist der G\u00fcrtel abnehmbar?\",\n\t\t\t\t\"acceptedAnswer\": {\n\t\t\t\t\t\"@type\": \"Answer\",\n\t\t\t\t\t\"text\": \"Ja, der G\u00fcrtel verl\u00e4uft durch Schlaufen und kann, z.B. um die Jacke zu waschen, entfernt werden.\"\n\t\t\t\t\t\t\t\t\t}\n\t\t\t}\n\t\t\t,\t\t\t\t{\n\t\t\t\t\"@type\": \"Question\",\n\t\t\t\t\"name\": \"In welchen Farben gibt es die Tivana?\",\n\t\t\t\t\"acceptedAnswer\": {\n\t\t\t\t\t\"@type\": \"Answer\",\n\t\t\t\t\t\"text\": \"Alle Farben findet ihr unter HoseOnline.de, unserem Onlineshop mit gro\u00dfem Wellensteyn-Lager!\"\n\t\t\t\t\t\t\t\t\t}\n\t\t\t}\n\t\t\t,\t\t\t\t{\n\t\t\t\t\"@type\": \"Question\",\n\t\t\t\t\"name\": \"Welche Vorteile hat das Inlet?\",\n\t\t\t\t\"acceptedAnswer\": {\n\t\t\t\t\t\"@type\": \"Answer\",\n\t\t\t\t\t\"text\": \"Es erzeugt einen sportlichen Look und erweckt den Eindruck einer Jacke unter der Jacke. Praktisch ist, dass ihr an w\u00e4rmeren Wintertagen das Inlet samt Kapuze entfernen k\u00f6nnt, damit ihr nicht ins Schwitzen geratet.\"\n\t\t\t\t\t\t\t\t\t}\n\t\t\t}\n\t\t\t\t    ]\n}\n<\/script>\n\n","protected":false},"excerpt":{"rendered":"<p>H\u00e4ufige Fragen zur Tivana Geh\u00f6rt ihr zu dem Typ Frau, der sich drau\u00dfen an kalten Tagen am liebsten in eine bodenlange, flauschige Kuscheldecke h\u00fcllen w\u00fcrde? Dann ist die Wellensteyn Tivana nix f\u00fcr euch! Diese Jacke ist etwas k\u00fcrzer geschnitten und endet auf der H\u00fcfte. Die ideale Winterjacke f\u00fcr Frauen, die sich in langen Modellen eingeengt f\u00fchlen!<\/p>\n","protected":false},"author":7,"featured_media":6480,"comment_status":"open","ping_status":"open","sticky":false,"template":"","format":"standard","meta":{"footnotes":""},"categories":[4],"tags":[1739,1740,295,271,5],"class_list":["post-6357","post","type-post","status-publish","format-standard","has-post-thumbnail","hentry","category-wellensteyn","tag-tivana","tag-tivoli","tag-wellensteyn","tag-winterjacke","tag-wintermode"],"aioseo_notices":[],"_links":{"self":[{"href":"https:\/\/www.hoseonline.de\/blog\/wp-json\/wp\/v2\/posts\/6357","targetHints":{"allow":["GET"]}}],"collection":[{"href":"https:\/\/www.hoseonline.de\/blog\/wp-json\/wp\/v2\/posts"}],"about":[{"href":"https:\/\/www.hoseonline.de\/blog\/wp-json\/wp\/v2\/types\/post"}],"author":[{"embeddable":true,"href":"https:\/\/www.hoseonline.de\/blog\/wp-json\/wp\/v2\/users\/7"}],"replies":[{"embeddable":true,"href":"https:\/\/www.hoseonline.de\/blog\/wp-json\/wp\/v2\/comments?post=6357"}],"version-history":[{"count":10,"href":"https:\/\/www.hoseonline.de\/blog\/wp-json\/wp\/v2\/posts\/6357\/revisions"}],"predecessor-version":[{"id":6475,"href":"https:\/\/www.hoseonline.de\/blog\/wp-json\/wp\/v2\/posts\/6357\/revisions\/6475"}],"wp:featuredmedia":[{"embeddable":true,"href":"https:\/\/www.hoseonline.de\/blog\/wp-json\/wp\/v2\/media\/6480"}],"wp:attachment":[{"href":"https:\/\/www.hoseonline.de\/blog\/wp-json\/wp\/v2\/media?parent=6357"}],"wp:term":[{"taxonomy":"category","embeddable":true,"href":"https:\/\/www.hoseonline.de\/blog\/wp-json\/wp\/v2\/categories?post=6357"},{"taxonomy":"post_tag","embeddable":true,"href":"https:\/\/www.hoseonline.de\/blog\/wp-json\/wp\/v2\/tags?post=6357"}],"curies":[{"name":"wp","href":"https:\/\/api.w.org\/{rel}","templated":true}]}}