{"id":7744,"date":"2021-03-12T14:00:40","date_gmt":"2021-03-12T13:00:40","guid":{"rendered":"https:\/\/sw6.hoseonline.de\/blog\/?p=7744"},"modified":"2021-02-25T07:12:11","modified_gmt":"2021-02-25T06:12:11","slug":"trendfarbe-weiss","status":"publish","type":"post","link":"https:\/\/www.hoseonline.de\/blog\/trendfarbe-weiss\/","title":{"rendered":"Wei\u00df \u2013 die Fr\u00fchlingsfarbe 2021"},"content":{"rendered":"<div id=\"attachment_7746\" style=\"width: 470px\" class=\"wp-caption aligncenter\"><a href=\"https:\/\/modemagazin.hoseonline.de\/wp-content\/uploads\/2021\/03\/trendfarbe-weiss.jpg\"><img loading=\"lazy\" decoding=\"async\" aria-describedby=\"caption-attachment-7746\" class=\"wp-image-7746\" title=\"Trendfarbe Wei\u00df\" src=\"https:\/\/modemagazin.hoseonline.de\/wp-content\/uploads\/2021\/03\/trendfarbe-weiss-240x300.jpg\" alt=\"Trendfarbe Wei\u00df\" width=\"460\" height=\"575\" srcset=\"https:\/\/www.hoseonline.de\/blog\/wp-content\/uploads\/2021\/03\/trendfarbe-weiss-240x300.jpg 240w, https:\/\/www.hoseonline.de\/blog\/wp-content\/uploads\/2021\/03\/trendfarbe-weiss-819x1024.jpg 819w, https:\/\/www.hoseonline.de\/blog\/wp-content\/uploads\/2021\/03\/trendfarbe-weiss-768x960.jpg 768w, https:\/\/www.hoseonline.de\/blog\/wp-content\/uploads\/2021\/03\/trendfarbe-weiss-1080x1350.jpg 1080w, https:\/\/www.hoseonline.de\/blog\/wp-content\/uploads\/2021\/03\/trendfarbe-weiss.jpg 1120w\" sizes=\"auto, (max-width: 460px) 100vw, 460px\" \/><\/a><p id=\"caption-attachment-7746\" class=\"wp-caption-text\">Trendfarbe Wei\u00df<\/p><\/div>\n<p><span class=\"dropcap\">W<\/span>enn der Himmel aufklart und die Sonne sich vermehrt zeigt, steigen <strong>Fr\u00fchlingsgef\u00fchle<\/strong> in uns auf \u2013 und damit auch die Vorfreude auf die warme Jahresh\u00e4lfte. Passend dazu greifen wir modisch zu <strong>hellen, frischen Farben<\/strong> und m\u00f6chten mit der Sonne um die Wette strahlen.<!--more--><\/p>\n<div id=\"attachment_7748\" style=\"width: 370px\" class=\"wp-caption alignright\"><a href=\"https:\/\/modemagazin.hoseonline.de\/wp-content\/uploads\/2021\/03\/fruehlingsfarbe-weiss-kombinieren.jpg\"><img loading=\"lazy\" decoding=\"async\" aria-describedby=\"caption-attachment-7748\" class=\"wp-image-7748\" title=\"Fr\u00fchlingsfarbe Wei\u00df kombinieren\" src=\"https:\/\/modemagazin.hoseonline.de\/wp-content\/uploads\/2021\/03\/fruehlingsfarbe-weiss-kombinieren-240x300.jpg\" alt=\"Fr\u00fchlingsfarbe Wei\u00df kombinieren\" width=\"360\" height=\"450\" srcset=\"https:\/\/www.hoseonline.de\/blog\/wp-content\/uploads\/2021\/03\/fruehlingsfarbe-weiss-kombinieren-240x300.jpg 240w, https:\/\/www.hoseonline.de\/blog\/wp-content\/uploads\/2021\/03\/fruehlingsfarbe-weiss-kombinieren-819x1024.jpg 819w, https:\/\/www.hoseonline.de\/blog\/wp-content\/uploads\/2021\/03\/fruehlingsfarbe-weiss-kombinieren-768x960.jpg 768w, https:\/\/www.hoseonline.de\/blog\/wp-content\/uploads\/2021\/03\/fruehlingsfarbe-weiss-kombinieren-1080x1350.jpg 1080w, https:\/\/www.hoseonline.de\/blog\/wp-content\/uploads\/2021\/03\/fruehlingsfarbe-weiss-kombinieren.jpg 1120w\" sizes=\"auto, (max-width: 360px) 100vw, 360px\" \/><\/a><p id=\"caption-attachment-7748\" class=\"wp-caption-text\">Fr\u00fchlingsfarbe Wei\u00df kombinieren<\/p><\/div>\n<h2><span class=\"ez-toc-section\" id=\"Trendfarbe_Weiss\"><\/span>Trendfarbe Wei\u00df<span class=\"ez-toc-section-end\"><\/span><\/h2>\n<p>Die Modewelt lebt von Gegens\u00e4tzen \u2013 und genau das lieben wir. Entgegen den Erwartungen gilt Schwarz besonders im Fr\u00fchjahr als absolute Trendfarbe. Trotzdem sollten wir den Gegenpart zur <a title=\"Trendfarbe Schwarz\" href=\"https:\/\/modemagazin.hoseonline.de\/trendfarbe-schwarz\/\">Trendfarbe Schwarz<\/a> nicht vernachl\u00e4ssigen: Auch Wei\u00df gilt als absoluter <a title=\"Modetrend 2021\" href=\"https:\/\/modemagazin.hoseonline.de\/trends-fruehjahr-sommer-2021\/\">Modetrend 2021<\/a>.<\/p>\n<h2><span class=\"ez-toc-section\" id=\"Weiss_kombinieren\"><\/span>Wei\u00df kombinieren<span class=\"ez-toc-section-end\"><\/span><\/h2>\n<p>F\u00fcr Modeliebhaber eine wahre Freude, denn die Schlichtheit von Wei\u00df erm\u00f6glicht eine <strong>nahezu grenzenlose Flexibilit\u00e4t<\/strong> in den Kombinationen. Es gibt zwei in der Modewelt sehr pr\u00e4sente Kombinationsm\u00f6glichkeiten, die zwar \u00e4u\u00dferst beliebt sind, aber unterschiedlicher nicht sein k\u00f6nnten.<\/p>\n<h3><span class=\"ez-toc-section\" id=\"Kontrast_schaffen\"><\/span>Kontrast schaffen<span class=\"ez-toc-section-end\"><\/span><\/h3>\n<p>Entscheidest du dich dazu, ein wei\u00dfes Oberteil zu tragen, hast du die M\u00f6glichkeit einen <strong>kontrastreichen Gegenpart<\/strong> zum hellen Wei\u00df zu setzen \u2013 greife dazu einfach zu einer dunklen <a href=\"https:\/\/www.hoseonline.de\/damen\/jeans-hosen\">Damenjeans<\/a>. Damit dein Look allerdings nicht durch den starken Kontrast unterbrochen und unvollst\u00e4ndig wirkt, solltest du ein <strong>passendes Accessoire<\/strong>, wie einen mehrfarbigen Schal, dazu tragen.<\/p>\n<h3><span class=\"ez-toc-section\" id=\"Monochrom_bleiben\"><\/span>Monochrom bleiben<span class=\"ez-toc-section-end\"><\/span><\/h3>\n<p>Der Gegensatz zu Kontrast hei\u00dft monochrom: Ton-in-Ton z\u00e4hlt nach wie vor zu den g\u00e4ngigen Modetrends und funktioniert wunderbar mit Wei\u00df. Mit diesem Look kannst du entweder ein Outfit komplett in Wei\u00df tragen oder helle Farbnuancen, wie die <a title=\"Trendfarbe Beige\" href=\"https:\/\/modemagazin.hoseonline.de\/trendfarbe-beige\/\">Trendfarbe Beige<\/a>, zu Wei\u00df kombinieren.<\/p>\n","protected":false},"excerpt":{"rendered":"<p>Wenn der Himmel aufklart und die Sonne sich vermehrt zeigt, steigen Fr\u00fchlingsgef\u00fchle in uns auf \u2013 und damit auch die Vorfreude auf die warme Jahresh\u00e4lfte. Passend dazu greifen wir modisch zu hellen, frischen Farben und m\u00f6chten mit der Sonne um die Wette strahlen.<\/p>\n","protected":false},"author":16,"featured_media":7746,"comment_status":"open","ping_status":"closed","sticky":false,"template":"","format":"standard","meta":{"footnotes":""},"categories":[1837],"tags":[516,1885,1721,1723,1932,1933],"class_list":["post-7744","post","type-post","status-publish","format-standard","has-post-thumbnail","hentry","category-outfit-inspiration","tag-fruehlingstrends","tag-modetrends-2021","tag-monochrom","tag-ton-in-ton","tag-trendfarbe-weiss","tag-weiss-kombinieren"],"aioseo_notices":[],"_links":{"self":[{"href":"https:\/\/www.hoseonline.de\/blog\/wp-json\/wp\/v2\/posts\/7744","targetHints":{"allow":["GET"]}}],"collection":[{"href":"https:\/\/www.hoseonline.de\/blog\/wp-json\/wp\/v2\/posts"}],"about":[{"href":"https:\/\/www.hoseonline.de\/blog\/wp-json\/wp\/v2\/types\/post"}],"author":[{"embeddable":true,"href":"https:\/\/www.hoseonline.de\/blog\/wp-json\/wp\/v2\/users\/16"}],"replies":[{"embeddable":true,"href":"https:\/\/www.hoseonline.de\/blog\/wp-json\/wp\/v2\/comments?post=7744"}],"version-history":[{"count":6,"href":"https:\/\/www.hoseonline.de\/blog\/wp-json\/wp\/v2\/posts\/7744\/revisions"}],"predecessor-version":[{"id":7754,"href":"https:\/\/www.hoseonline.de\/blog\/wp-json\/wp\/v2\/posts\/7744\/revisions\/7754"}],"wp:featuredmedia":[{"embeddable":true,"href":"https:\/\/www.hoseonline.de\/blog\/wp-json\/wp\/v2\/media\/7746"}],"wp:attachment":[{"href":"https:\/\/www.hoseonline.de\/blog\/wp-json\/wp\/v2\/media?parent=7744"}],"wp:term":[{"taxonomy":"category","embeddable":true,"href":"https:\/\/www.hoseonline.de\/blog\/wp-json\/wp\/v2\/categories?post=7744"},{"taxonomy":"post_tag","embeddable":true,"href":"https:\/\/www.hoseonline.de\/blog\/wp-json\/wp\/v2\/tags?post=7744"}],"curies":[{"name":"wp","href":"https:\/\/api.w.org\/{rel}","templated":true}]}}