{"id":9544,"date":"2021-11-12T13:00:19","date_gmt":"2021-11-12T12:00:19","guid":{"rendered":"https:\/\/sw6.hoseonline.de\/blog\/?p=9544"},"modified":"2026-04-24T12:36:13","modified_gmt":"2026-04-24T10:36:13","slug":"weste-tragen-winter","status":"publish","type":"post","link":"https:\/\/www.hoseonline.de\/blog\/weste-tragen-winter\/","title":{"rendered":"Weste im Winter? Das geht!"},"content":{"rendered":"<div id=\"attachment_9550\" style=\"width: 460px\" class=\"wp-caption aligncenter\"><a href=\"https:\/\/www.hoseonline.de\/blog\/wp-content\/uploads\/2021\/11\/indoor-wunder-steppweste.jpg\"><img loading=\"lazy\" decoding=\"async\" aria-describedby=\"caption-attachment-9550\" class=\"wp-image-9550\" src=\"https:\/\/www.hoseonline.de\/blog\/wp-content\/uploads\/2021\/11\/indoor-wunder-steppweste-225x300.jpg\" alt=\"Frau tr\u00e4gt drau\u00dfen eine hellblaue Steppweste und eine rote gemusterte Bluse\" width=\"450\" height=\"600\" srcset=\"https:\/\/www.hoseonline.de\/blog\/wp-content\/uploads\/2021\/11\/indoor-wunder-steppweste-225x300.jpg 225w, https:\/\/www.hoseonline.de\/blog\/wp-content\/uploads\/2021\/11\/indoor-wunder-steppweste-768x1024.jpg 768w, https:\/\/www.hoseonline.de\/blog\/wp-content\/uploads\/2021\/11\/indoor-wunder-steppweste.jpg 1050w\" sizes=\"auto, (max-width: 450px) 100vw, 450px\" \/><\/a><p id=\"caption-attachment-9550\" class=\"wp-caption-text\">Indoor-Wunder Weste<\/p><\/div>\n<p><span class=\"dropcap\">D<\/span>ie Weste kennen wir als <strong>\u00e4rmellose Alternative zur klassischen Jacke<\/strong>. Hast du eine Weste im Kleiderschrank, hat sie deinen Kleiderschrank au\u00dferhalb der \u00dcbergangszeit vermutlich nur von innen gesehen. Wir finden, dass die Weste auch in der k\u00e4lteren Jahreszeit ihre Daseinsberechtigung hat, denn sie kann <strong>mehr als nur Outdoor!<\/strong><!--more--><\/p>\n<div id=\"attachment_9552\" style=\"width: 370px\" class=\"wp-caption alignright\"><a href=\"https:\/\/www.hoseonline.de\/blog\/wp-content\/uploads\/2021\/11\/weste-richtig-kombinieren.jpg\"><img loading=\"lazy\" decoding=\"async\" aria-describedby=\"caption-attachment-9552\" class=\"wp-image-9552\" src=\"https:\/\/www.hoseonline.de\/blog\/wp-content\/uploads\/2021\/11\/weste-richtig-kombinieren-225x300.jpg\" alt=\"Frau steht angelehnt an Wand und tr\u00e4gt hellblaue Weste, blaue Jeans und gemusterte rote Bluse\" width=\"360\" height=\"480\" srcset=\"https:\/\/www.hoseonline.de\/blog\/wp-content\/uploads\/2021\/11\/weste-richtig-kombinieren-225x300.jpg 225w, https:\/\/www.hoseonline.de\/blog\/wp-content\/uploads\/2021\/11\/weste-richtig-kombinieren-768x1024.jpg 768w, https:\/\/www.hoseonline.de\/blog\/wp-content\/uploads\/2021\/11\/weste-richtig-kombinieren.jpg 1050w\" sizes=\"auto, (max-width: 360px) 100vw, 360px\" \/><\/a><p id=\"caption-attachment-9552\" class=\"wp-caption-text\">Weste richtig kombinieren<\/p><\/div>\n<h2><span class=\"ez-toc-section\" id=\"Indoor-Wunder\"><\/span>Indoor-Wunder<span class=\"ez-toc-section-end\"><\/span><\/h2>\n<p>Richtig geh\u00f6rt, die Weste kann auch wunderbar drinnen getragen werden! Gut kombiniert ist sie eine <strong>tolle Alternative zu einem dicken Pullover<\/strong> und bietet dir sogar einen entscheidenden Vorteil: Sollte es dir z.B. durch Heizungsluft doch zu warm werden, kannst du sie einfach \u00f6ffnen oder ausziehen.<\/p>\n<h2><span class=\"ez-toc-section\" id=\"Fuer_jeden_Geschmack\"><\/span>F\u00fcr jeden Geschmack<span class=\"ez-toc-section-end\"><\/span><\/h2>\n<h3><span class=\"ez-toc-section\" id=\"Die_richtige_Farbe\"><\/span>Die richtige Farbe<span class=\"ez-toc-section-end\"><\/span><\/h3>\n<p>Dass Winteroutfits zwingend trist und grau sein m\u00fcssen, ist l\u00e4ngst \u00fcberholt! Wie w\u00e4re es mit einem auff\u00e4lligen Rot, einem satten Blau oder einem pastelligen Minzgr\u00fcn? Eine <strong>farbenfrohe Weste<\/strong> ist nicht nur ein echter Hingucker, sondern <strong>hebt auch deine Stimmung!<\/strong><\/p>\n<div id=\"attachment_9551\" style=\"width: 370px\" class=\"wp-caption alignleft\"><a href=\"https:\/\/www.hoseonline.de\/blog\/wp-content\/uploads\/2021\/11\/weste-passende-accessoires.jpg\"><img loading=\"lazy\" decoding=\"async\" aria-describedby=\"caption-attachment-9551\" class=\"wp-image-9551\" src=\"https:\/\/www.hoseonline.de\/blog\/wp-content\/uploads\/2021\/11\/weste-passende-accessoires-225x300.jpg\" alt=\"Eine Frau tr\u00e4gt eine kleine Umh\u00e4ngetasche zur hellblauen Wester, einer blauen Jeans und einer gemusterten Bluse\" width=\"360\" height=\"480\" srcset=\"https:\/\/www.hoseonline.de\/blog\/wp-content\/uploads\/2021\/11\/weste-passende-accessoires-225x300.jpg 225w, https:\/\/www.hoseonline.de\/blog\/wp-content\/uploads\/2021\/11\/weste-passende-accessoires-768x1024.jpg 768w, https:\/\/www.hoseonline.de\/blog\/wp-content\/uploads\/2021\/11\/weste-passende-accessoires.jpg 1050w\" sizes=\"auto, (max-width: 360px) 100vw, 360px\" \/><\/a><p id=\"caption-attachment-9551\" class=\"wp-caption-text\">Weste mit passenden Accessoires<\/p><\/div>\n<h3><span class=\"ez-toc-section\" id=\"Die_Qual_der_Materialwahl\"><\/span>Die Qual der Materialwahl<span class=\"ez-toc-section-end\"><\/span><\/h3>\n<p>Die Weste kommt in allen m\u00f6glichen <a title=\"Materialien\" href=\"https:\/\/www.eierund.de\/materialien\/\">Materialien<\/a> daher: Jeans, Leinen und Wolle sind nur einige davon. Im Winter eignen sich besonders <strong>gestrickte Modelle<\/strong> oder <strong>Westen in Steppoptik<\/strong>, denn die halten deinen Oberk\u00f6rper besonders gut warm.<\/p>\n<h2><span class=\"ez-toc-section\" id=\"Gut_kombiniert\"><\/span>Gut kombiniert<span class=\"ez-toc-section-end\"><\/span><\/h2>\n<p>Der \u00e4rmellose Allrounder bietet <strong>unz\u00e4hlige Kombinationsm\u00f6glichkeiten<\/strong>, doch eine besonders gute Figur machst du in einem <strong>Langarmshirt<\/strong> oder einer <strong>schicken Bluse<\/strong>. Entweder entscheidest du dich f\u00fcr eine neutrale Farbe oder \u2013 wenn du mutiger bist \u2013 eine, die mit der Farbe deiner Weste im Kontrast steht. Der Look harmoniert besonders gut, wenn deine Westenfarbe sich im Muster deines Oberteils wiederfindet.<\/p>\n<p>Hast du dich f\u00fcr die farbenfrohe Westenvariante entschieden, kannst du zu einer <strong>neutralen Blue<\/strong> <strong>Jeans<\/strong> und <strong>dezenten Accessoires<\/strong> wie einem schlichten G\u00fcrtel und einer gleichfarbigen Tasche greifen.<\/p>\n","protected":false},"excerpt":{"rendered":"<p>Die Weste kennen wir als \u00e4rmellose Alternative zur klassischen Jacke. Hast du eine Weste im Kleiderschrank, hat sie deinen Kleiderschrank au\u00dferhalb der \u00dcbergangszeit vermutlich nur von innen gesehen. Wir finden, dass die Weste auch in der k\u00e4lteren Jahreszeit ihre Daseinsberechtigung hat, denn sie kann mehr als nur Outdoor!<\/p>\n","protected":false},"author":2,"featured_media":9550,"comment_status":"open","ping_status":"closed","sticky":false,"template":"","format":"standard","meta":{"footnotes":""},"categories":[1837],"tags":[6,2142,2085,2139,2138,2141,2143,2137],"class_list":["post-9544","post","type-post","status-publish","format-standard","has-post-thumbnail","hentry","category-outfit-inspiration","tag-damenmode","tag-steppweste","tag-weste","tag-weste-drinnen","tag-weste-indoor","tag-weste-kombinieren","tag-weste-outfit","tag-weste-winter"],"aioseo_notices":[],"_links":{"self":[{"href":"https:\/\/www.hoseonline.de\/blog\/wp-json\/wp\/v2\/posts\/9544","targetHints":{"allow":["GET"]}}],"collection":[{"href":"https:\/\/www.hoseonline.de\/blog\/wp-json\/wp\/v2\/posts"}],"about":[{"href":"https:\/\/www.hoseonline.de\/blog\/wp-json\/wp\/v2\/types\/post"}],"author":[{"embeddable":true,"href":"https:\/\/www.hoseonline.de\/blog\/wp-json\/wp\/v2\/users\/2"}],"replies":[{"embeddable":true,"href":"https:\/\/www.hoseonline.de\/blog\/wp-json\/wp\/v2\/comments?post=9544"}],"version-history":[{"count":11,"href":"https:\/\/www.hoseonline.de\/blog\/wp-json\/wp\/v2\/posts\/9544\/revisions"}],"predecessor-version":[{"id":12816,"href":"https:\/\/www.hoseonline.de\/blog\/wp-json\/wp\/v2\/posts\/9544\/revisions\/12816"}],"wp:featuredmedia":[{"embeddable":true,"href":"https:\/\/www.hoseonline.de\/blog\/wp-json\/wp\/v2\/media\/9550"}],"wp:attachment":[{"href":"https:\/\/www.hoseonline.de\/blog\/wp-json\/wp\/v2\/media?parent=9544"}],"wp:term":[{"taxonomy":"category","embeddable":true,"href":"https:\/\/www.hoseonline.de\/blog\/wp-json\/wp\/v2\/categories?post=9544"},{"taxonomy":"post_tag","embeddable":true,"href":"https:\/\/www.hoseonline.de\/blog\/wp-json\/wp\/v2\/tags?post=9544"}],"curies":[{"name":"wp","href":"https:\/\/api.w.org\/{rel}","templated":true}]}}